{"id":8776,"date":"2025-02-12T18:32:00","date_gmt":"2025-02-12T16:32:00","guid":{"rendered":"https:\/\/www.buchbohne.de\/?p=8776"},"modified":"2026-04-23T18:37:09","modified_gmt":"2026-04-23T16:37:09","slug":"titel-3-2-2-2-2-2-7-3-2-2-2-2","status":"publish","type":"post","link":"https:\/\/www.buchbohne.de\/?p=8776","title":{"rendered":"Leseclub Mareike Fallwickl"},"content":{"rendered":"\n<h1 class=\"wp-block-heading kachel-header\">10\/06\/2026<\/h1>\n\n\n\n<h4 class=\"wp-block-heading kachel-header\">Leseclub<\/h4>\n\n\n\n<h5 class=\"wp-block-heading\">In Kooperation mit Frauen-<br>studien M\u00fcnchen e.V.<\/h5>\n\n\n\n<h4 class=\"wp-block-heading\">19.00 <\/h4>\n\n\n\n<p><\/p>\n\n\n\n<h3 class=\"wp-block-heading\">Mareike Fallwickl<\/h3>\n\n\n\n<h2 class=\"wp-block-heading kachel-header\">Und alle so still<\/h2>\n\n\n\n<h6 class=\"wp-block-heading\">Ein gro\u00dfer feministischer Gesellschaftsroman \u00fcber Widerspruchsgeist und Solidarit\u00e4t.<\/h6>\n\n\n\n<h2 class=\"wp-block-heading eintritt\">Eintritt Frei<\/h2>\n\n\n<a class=\"read-more-link wp-block-read-more\" href=\"https:\/\/www.buchbohne.de\/?p=8776\" target=\"_self\">Weiterlesen<span class=\"screen-reader-text\">: Leseclub Mareike Fallwickl<\/span><\/a>\n\n\n<div class=\"wp-block-columns is-layout-flex wp-container-core-columns-is-layout-9d6595d7 wp-block-columns-is-layout-flex\">\n<div class=\"wp-block-column is-layout-flow wp-block-column-is-layout-flow\">\n<figure class=\"wp-block-image size-full\"><a href=\"https:\/\/shop.buchbohne.de\/shop\/item\/9783499009235\/und-alle-so-still-von-mareike-fallwickl\"><img loading=\"lazy\" decoding=\"async\" width=\"426\" height=\"648\" src=\"https:\/\/www.buchbohne.de\/wp-content\/uploads\/2026\/04\/92351.jpg\" alt=\"\" class=\"wp-image-8777\" srcset=\"https:\/\/www.buchbohne.de\/wp-content\/uploads\/2026\/04\/92351.jpg 426w, https:\/\/www.buchbohne.de\/wp-content\/uploads\/2026\/04\/92351-197x300.jpg 197w\" sizes=\"auto, (max-width: 426px) 100vw, 426px\" \/><\/a><\/figure>\n<\/div>\n\n\n\n<div class=\"wp-block-column is-vertically-aligned-center event-block is-layout-flow wp-block-column-is-layout-flow\">\n<p>Ein gro\u00dfer feministischer Gesellschaftsroman \u00fcber Widerspruchsgeist und Solidarit\u00e4t, wochenlang auf der Spiegel-Bestsellerliste. An einem Sonntag im Juni ger\u00e4t die Welt aus dem Takt: Frauen liegen auf der Stra\u00dfe. Reglos, in stillem Protest. Hier kreuzen sich die Wege von Elin, Nuri und Ruth. Elin, Anfang zwanzig, eine erfolgreiche Influencerin, der etwas zugesto\u00dfen ist, von dem sie nicht wei\u00df, ob es Gewalt war. Nuri, neunzehn Jahre, der die Schule abgebrochen hat und versucht, sich als Fahrradkurier, Bettenschubser und Barkeeper \u00fcber Wasser zu halten. Ruth, Mitte f\u00fcnfzig, die als Pflegefachkraft im Krankenhaus arbeitet und deren Pflichtgef\u00fchl unersch\u00f6pflich scheint. Es ist der Beginn einer Revolte, bei der Frauen nicht mehr das tun, was sie immer getan haben. Pl\u00f6tzlich steht alles infrage, worauf unser System fu\u00dft. Ergreifen Elin, Nuri und Ruth die Chance auf Ver\u00e4nderung? Was w\u00e4re, wenn alle Frauen sich verweigern und in einen Care-Streik treten w\u00fcrden? Das Narrativ, dass Frauen einander die \u00e4rgsten Feindinnen seien, ist auserz\u00e4hlt. Zeit f\u00fcr neue Geschichten! &#8218;Ein hoffnungsvolles Pl\u00e4doyer, in dem die Menschlichkeit das h\u00f6chste Ziel darstellt.&#8216; NDR Kultur<\/p>\n\n\n\n<p>Moderation: Barbara Steidl.<\/p>\n\n\n\n<p>EINTRITT FREI<\/p>\n\n\n\n<p>Der Leseclub findet am Mittwoch, den 10. Juni 2026 bei Buch &amp; Bohne, Kapuzinerplatz 4, um 19.00 Uhr statt. Im Leseclub wollen wir \u00fcber &#8222;Ich bin Circe\u201d diskutieren, es w\u00e4re toll, wenn die Teilnehmenden das Buch gelesen haben.<\/p>\n\n\n\n<p>Bitte melden Sie per Mail an an <a href=\"mailto:info@frauenstudien-muenchen.de\" target=\"_blank\" rel=\"noreferrer noopener\">info@frauenstudien-muenchen.de<\/a> an.<\/p>\n\n\n\n<div class=\"wp-block-buttons is-layout-flex wp-block-buttons-is-layout-flex\"><\/div>\n<\/div>\n<\/div>\n\n\n\n<div class=\"wp-block-columns is-layout-flex wp-container-core-columns-is-layout-9d6595d7 wp-block-columns-is-layout-flex\">\n<div class=\"wp-block-column is-layout-flow wp-block-column-is-layout-flow\">\n<figure class=\"wp-block-image size-full\"><a href=\"https:\/\/www.buchbohne.de\/wp-content\/uploads\/2026\/04\/Autorinnenportrait2020Mareike20Fallwickl1820@Yenney20Rojas20Pe\u2560uerez1.jpg\"><img loading=\"lazy\" decoding=\"async\" width=\"1920\" height=\"840\" src=\"https:\/\/www.buchbohne.de\/wp-content\/uploads\/2026\/04\/Autorinnenportrait2020Mareike20Fallwickl1820@Yenney20Rojas20Pe\u2560uerez1.jpg\" alt=\"\" class=\"wp-image-8778\" srcset=\"https:\/\/www.buchbohne.de\/wp-content\/uploads\/2026\/04\/Autorinnenportrait2020Mareike20Fallwickl1820@Yenney20Rojas20Pe\u2560uerez1.jpg 1920w, https:\/\/www.buchbohne.de\/wp-content\/uploads\/2026\/04\/Autorinnenportrait2020Mareike20Fallwickl1820@Yenney20Rojas20Pe\u2560uerez1-300x131.jpg 300w, https:\/\/www.buchbohne.de\/wp-content\/uploads\/2026\/04\/Autorinnenportrait2020Mareike20Fallwickl1820@Yenney20Rojas20Pe\u2560uerez1-1024x448.jpg 1024w, https:\/\/www.buchbohne.de\/wp-content\/uploads\/2026\/04\/Autorinnenportrait2020Mareike20Fallwickl1820@Yenney20Rojas20Pe\u2560uerez1-768x336.jpg 768w, https:\/\/www.buchbohne.de\/wp-content\/uploads\/2026\/04\/Autorinnenportrait2020Mareike20Fallwickl1820@Yenney20Rojas20Pe\u2560uerez1-1536x672.jpg 1536w\" sizes=\"auto, (max-width: 1920px) 100vw, 1920px\" \/><\/a><figcaption class=\"wp-element-caption\">(c) Yenney Rojas Perez<\/figcaption><\/figure>\n<\/div>\n\n\n\n<div class=\"wp-block-column is-layout-flow wp-block-column-is-layout-flow\">\n<p>Mareike Fallwickl.<\/p>\n\n\n\n<p>Mareike Fallwickl deb\u00fctierte 2018 mit Dunkelgr\u00fcn fast schwarz, 2019 folgte Das Licht ist hier viel heller. Die Wut, die bleibt (2022) war ein gro\u00dfer Erfolg bei Presse und Publikum, kam bei den Salzburger Festspielen auf die B\u00fchne und wird f\u00fcrs Kino verfilmt. Und alle so still (2024) gelangte in die Top 10 der Spiegel-Bestsellerliste und wird ebenfalls an verschiedenen Theatern inszeniert. Mareike Fallwickl lebt im Salzburger Land und setzt sich online wie offline f\u00fcr Literaturvermittlung ein, mit Fokus auf weiblichen und diversen Erz\u00e4hlstimmen.<\/p>\n<\/div>\n<\/div>\n\n\n\n<div class=\"wp-block-columns is-layout-flex wp-container-core-columns-is-layout-9d6595d7 wp-block-columns-is-layout-flex\">\n<div class=\"wp-block-column is-layout-flow wp-block-column-is-layout-flow\"><\/div>\n\n\n\n<div class=\"wp-block-column is-layout-flow wp-block-column-is-layout-flow\">\n<p><\/p>\n\n\n\n<p><\/p>\n<\/div>\n<\/div>\n\n\n\n<p><\/p>\n","protected":false},"excerpt":{"rendered":"<p>10\/06\/2026 Leseclub In Kooperation mit Frauen-studien M\u00fcnchen e.V. 19.00 Mareike Fallwickl Und alle so still Ein gro\u00dfer feministischer Gesellschaftsroman \u00fcber Widerspruchsgeist und Solidarit\u00e4t. Eintritt Frei Ein gro\u00dfer feministischer Gesellschaftsroman \u00fcber Widerspruchsgeist und Solidarit\u00e4t, wochenlang auf der Spiegel-Bestsellerliste. An einem Sonntag im Juni ger\u00e4t die Welt aus dem Takt: Frauen liegen auf der Stra\u00dfe. Reglos, in&hellip;&nbsp;<a href=\"https:\/\/www.buchbohne.de\/?p=8776\" class=\"\" rel=\"bookmark\">Weiterlesen &raquo;<span class=\"screen-reader-text\">Leseclub Mareike Fallwickl<\/span><\/a><\/p>\n","protected":false},"author":1,"featured_media":0,"comment_status":"closed","ping_status":"closed","sticky":false,"template":"","format":"standard","meta":{"neve_meta_sidebar":"","neve_meta_container":"","neve_meta_enable_content_width":"","neve_meta_content_width":0,"neve_meta_title_alignment":"","neve_meta_author_avatar":"","neve_post_elements_order":"","neve_meta_disable_header":"","neve_meta_disable_footer":"","neve_meta_disable_title":"","footnotes":""},"categories":[1,140],"tags":[],"class_list":["post-8776","post","type-post","status-publish","format-standard","hentry","category-allgemein","category-schwarz"],"_links":{"self":[{"href":"https:\/\/www.buchbohne.de\/index.php?rest_route=\/wp\/v2\/posts\/8776","targetHints":{"allow":["GET"]}}],"collection":[{"href":"https:\/\/www.buchbohne.de\/index.php?rest_route=\/wp\/v2\/posts"}],"about":[{"href":"https:\/\/www.buchbohne.de\/index.php?rest_route=\/wp\/v2\/types\/post"}],"author":[{"embeddable":true,"href":"https:\/\/www.buchbohne.de\/index.php?rest_route=\/wp\/v2\/users\/1"}],"replies":[{"embeddable":true,"href":"https:\/\/www.buchbohne.de\/index.php?rest_route=%2Fwp%2Fv2%2Fcomments&post=8776"}],"version-history":[{"count":1,"href":"https:\/\/www.buchbohne.de\/index.php?rest_route=\/wp\/v2\/posts\/8776\/revisions"}],"predecessor-version":[{"id":8779,"href":"https:\/\/www.buchbohne.de\/index.php?rest_route=\/wp\/v2\/posts\/8776\/revisions\/8779"}],"wp:attachment":[{"href":"https:\/\/www.buchbohne.de\/index.php?rest_route=%2Fwp%2Fv2%2Fmedia&parent=8776"}],"wp:term":[{"taxonomy":"category","embeddable":true,"href":"https:\/\/www.buchbohne.de\/index.php?rest_route=%2Fwp%2Fv2%2Fcategories&post=8776"},{"taxonomy":"post_tag","embeddable":true,"href":"https:\/\/www.buchbohne.de\/index.php?rest_route=%2Fwp%2Fv2%2Ftags&post=8776"}],"curies":[{"name":"wp","href":"https:\/\/api.w.org\/{rel}","templated":true}]}}