{"id":8728,"date":"2025-02-15T19:49:00","date_gmt":"2025-02-15T17:49:00","guid":{"rendered":"https:\/\/www.buchbohne.de\/?p=8728"},"modified":"2026-04-29T16:52:38","modified_gmt":"2026-04-29T14:52:38","slug":"titel-3-2-2-2-2-2-2-4-2-2-3","status":"publish","type":"post","link":"https:\/\/www.buchbohne.de\/?p=8728","title":{"rendered":"Lesung Yevgeniy Breyger"},"content":{"rendered":"\n<h1 class=\"wp-block-heading kachel-header\">05\/05\/2026<\/h1>\n\n\n\n<h4 class=\"wp-block-heading kachel-header\">Lesung: Achtung Seidlvilla!<\/h4>\n\n\n\n<h5 class=\"wp-block-heading\">Kooperation mit Tukan-Kreis<\/h5>\n\n\n\n<h4 class=\"wp-block-heading\">19.30 UHR<\/h4>\n\n\n\n<h2 class=\"wp-block-heading\"><br><\/h2>\n\n\n\n<p><\/p>\n\n\n\n<h3 class=\"wp-block-heading\">Yevgeniy Breyger<\/h3>\n\n\n\n<h2 class=\"wp-block-heading kachel-header\">hallo niemand<\/h2>\n\n\n\n<h6 class=\"wp-block-heading\">Roadtrip in Versen &#8211; Eine Reise durch alles, was nicht stimmt auf der Welt<\/h6>\n\n\n\n<h2 class=\"wp-block-heading eintritt\">Eintritt 9 EUR\/erm. 7 EUR<\/h2>\n\n\n<a class=\"read-more-link wp-block-read-more\" href=\"https:\/\/www.buchbohne.de\/?p=8728\" target=\"_self\">Weiterlesen<span class=\"screen-reader-text\">: Lesung Yevgeniy Breyger<\/span><\/a>\n\n\n<div class=\"wp-block-columns is-layout-flex wp-container-core-columns-is-layout-9d6595d7 wp-block-columns-is-layout-flex\">\n<div class=\"wp-block-column is-layout-flow wp-block-column-is-layout-flow\">\n<div class=\"wp-block-group\"><div class=\"wp-block-group__inner-container is-layout-constrained wp-block-group-is-layout-constrained\">\n<figure class=\"wp-block-image size-medium\"><a href=\"https:\/\/shop.buchbohne.de\/shop\/item\/9783518432884\/hallo-niemand-von-yevgeniy-breyger-gebundenes-buch\"><img loading=\"lazy\" decoding=\"async\" width=\"189\" height=\"300\" src=\"https:\/\/www.buchbohne.de\/wp-content\/uploads\/2026\/03\/28841-189x300.jpg\" alt=\"\" class=\"wp-image-8729\" srcset=\"https:\/\/www.buchbohne.de\/wp-content\/uploads\/2026\/03\/28841-189x300.jpg 189w, https:\/\/www.buchbohne.de\/wp-content\/uploads\/2026\/03\/28841.jpg 408w\" sizes=\"auto, (max-width: 189px) 100vw, 189px\" \/><\/a><\/figure>\n<\/div><\/div>\n<\/div>\n\n\n\n<div class=\"wp-block-column is-vertically-aligned-center event-block is-layout-flow wp-block-column-is-layout-flow\">\n<p>ACHTUNG ABWEICHENDER VERANSTALTUNGSORT: SEIDLVILLA!<br>In einem roten Audi A6 f\u00e4hrt der Held aus \u00d6sterreich \u2013\u201eNiemand\u201c genannt \u2013 nach Deutschland, um Bundeskanzler zu werden. Er h\u00e4lt an Autobahnrastst\u00e4tten und Penny-Parkpl\u00e4tzen, ger\u00e4t in linke und rechte Demos, parkt mal vor dem Bundestag, mal auf einem Zirkusplatz und landet im Verh\u00f6rzimmer der Polizei. Auf den Etappen trifft er skurrile Gestalten, die von einer apokalyptischen Zukunft zeugen, Pfarrer und Rabbis, Gott und sein zorniges j\u00fcdisches Ebenbild G&#8217;tt, Bekannte aus der Politik wie Gregor Gysi, Olaf Scholz und Alice Weidel. In rasanten Szenen und Dialogen, st\u00e4ndig getrieben vom roten Audi, der mit laufendem Motor wartet, erkundet er seine Identit\u00e4t, seinen Glauben und seine Sexualit\u00e4t, die er fortw\u00e4hrend in den Kontext der aktuellen politischen Verh\u00e4ltnisse setzt.<br>Das erz\u00e4hlende Langgedicht \u201ehallo niemand\u201c ist humorvolle Politsatire und zugleich ernsthafte<br>Auseinandersetzung mit dr\u00e4ngenden Fragen nach der Versehrtheit des K\u00f6rpers und des Geistes in<br>Zeiten von Krieg und totalit\u00e4rer Realit\u00e4tserzwingung.<\/p>\n\n\n\n<p>EINTRITT 9 EUR \/ ERM\u00c4SSIGT 7 EUR<\/p>\n\n\n\n<p>Die Lesung findet am Dienstag, den 5. Mai 2026 in der Seidlvilla, Nikolaiplatz 1b (Schwabing), um 19.30 Uhr statt.<\/p>\n\n\n\n<p>Moderation: Krisha Kops.<\/p>\n\n\n\n<p>Bitte melden Sie per Mail an <a href=\"mailto:veranstaltungen@buchbohne.de\">veranstaltungen@buchbohne.de<\/a> an.<\/p>\n\n\n\n<div class=\"wp-block-buttons is-layout-flex wp-block-buttons-is-layout-flex\"><\/div>\n<\/div>\n<\/div>\n\n\n\n<div class=\"wp-block-columns is-layout-flex wp-container-core-columns-is-layout-9d6595d7 wp-block-columns-is-layout-flex\">\n<div class=\"wp-block-column is-layout-flow wp-block-column-is-layout-flow\">\n<figure class=\"wp-block-image size-full\"><a href=\"https:\/\/www.buchbohne.de\/wp-content\/uploads\/2026\/03\/yevgeniy-breyger_19582_copyright-Rafaela-Proell1.webp\"><img loading=\"lazy\" decoding=\"async\" width=\"395\" height=\"539\" src=\"https:\/\/www.buchbohne.de\/wp-content\/uploads\/2026\/03\/yevgeniy-breyger_19582_copyright-Rafaela-Proell1.webp\" alt=\"\" class=\"wp-image-8730\" srcset=\"https:\/\/www.buchbohne.de\/wp-content\/uploads\/2026\/03\/yevgeniy-breyger_19582_copyright-Rafaela-Proell1.webp 395w, https:\/\/www.buchbohne.de\/wp-content\/uploads\/2026\/03\/yevgeniy-breyger_19582_copyright-Rafaela-Proell1-220x300.webp 220w\" sizes=\"auto, (max-width: 395px) 100vw, 395px\" \/><\/a><figcaption class=\"wp-element-caption\">(c) Heike Bogenberger autorenfotos.com<\/figcaption><\/figure>\n<\/div>\n\n\n\n<div class=\"wp-block-column is-layout-flow wp-block-column-is-layout-flow\">\n<p>Yevgeniy Breyger<\/p>\n\n\n\n<p>Yevgeniy Breyger, geboren 1989 in Charkiw, studierte an den Literaturinstituten Hildesheim und Leipzig sowie an der Hochschule f\u00fcr Bildende K\u00fcnste in Frankfurt am Main. Er ist als \u00dcbersetzer, Herausgeber, Kurator und Lektor t\u00e4tig. F\u00fcr seinen zuletzt erschienenen Gedichtband, Frieden ohne Krieg (2023, kookbooks), wurde er u. a. mit dem Christine Lavant Preis, dem Klopstock-Preis f\u00fcr neue Literatur und dem Literaturpreis der deutschen Wirtschaft ausgezeichnet. Breyger lehrt am Institut f\u00fcr Sprachkunst an der Universit\u00e4t f\u00fcr angewandte Kunst in Wien, wo er auch lebt.<br>Reinhard-Priessnitz-Preis 2025<br>Literaturpreis der deutschen Wirtschaft 2025<\/p>\n<\/div>\n<\/div>\n\n\n\n<div class=\"wp-block-columns is-layout-flex wp-container-core-columns-is-layout-9d6595d7 wp-block-columns-is-layout-flex\">\n<div class=\"wp-block-column is-layout-flow wp-block-column-is-layout-flow\"><\/div>\n\n\n\n<div class=\"wp-block-column is-layout-flow wp-block-column-is-layout-flow\"><\/div>\n<\/div>\n\n\n\n<div style=\"height:107px\" aria-hidden=\"true\" class=\"wp-block-spacer\"><\/div>\n","protected":false},"excerpt":{"rendered":"<p>05\/05\/2026 Lesung: Achtung Seidlvilla! Kooperation mit Tukan-Kreis 19.30 UHR Yevgeniy Breyger hallo niemand Roadtrip in Versen &#8211; Eine Reise durch alles, was nicht stimmt auf der Welt Eintritt 9 EUR\/erm. 7 EUR ACHTUNG ABWEICHENDER VERANSTALTUNGSORT: SEIDLVILLA!In einem roten Audi A6 f\u00e4hrt der Held aus \u00d6sterreich \u2013\u201eNiemand\u201c genannt \u2013 nach Deutschland, um Bundeskanzler zu werden. Er&hellip;&nbsp;<a href=\"https:\/\/www.buchbohne.de\/?p=8728\" class=\"\" rel=\"bookmark\">Weiterlesen &raquo;<span class=\"screen-reader-text\">Lesung Yevgeniy Breyger<\/span><\/a><\/p>\n","protected":false},"author":1,"featured_media":0,"comment_status":"closed","ping_status":"closed","sticky":false,"template":"","format":"standard","meta":{"neve_meta_sidebar":"","neve_meta_container":"","neve_meta_enable_content_width":"","neve_meta_content_width":0,"neve_meta_title_alignment":"","neve_meta_author_avatar":"","neve_post_elements_order":"","neve_meta_disable_header":"","neve_meta_disable_footer":"","neve_meta_disable_title":"","footnotes":""},"categories":[1,105,118],"tags":[],"class_list":["post-8728","post","type-post","status-publish","format-standard","hentry","category-allgemein","category-blau","category-gefoerdert"],"_links":{"self":[{"href":"https:\/\/www.buchbohne.de\/index.php?rest_route=\/wp\/v2\/posts\/8728","targetHints":{"allow":["GET"]}}],"collection":[{"href":"https:\/\/www.buchbohne.de\/index.php?rest_route=\/wp\/v2\/posts"}],"about":[{"href":"https:\/\/www.buchbohne.de\/index.php?rest_route=\/wp\/v2\/types\/post"}],"author":[{"embeddable":true,"href":"https:\/\/www.buchbohne.de\/index.php?rest_route=\/wp\/v2\/users\/1"}],"replies":[{"embeddable":true,"href":"https:\/\/www.buchbohne.de\/index.php?rest_route=%2Fwp%2Fv2%2Fcomments&post=8728"}],"version-history":[{"count":3,"href":"https:\/\/www.buchbohne.de\/index.php?rest_route=\/wp\/v2\/posts\/8728\/revisions"}],"predecessor-version":[{"id":8891,"href":"https:\/\/www.buchbohne.de\/index.php?rest_route=\/wp\/v2\/posts\/8728\/revisions\/8891"}],"wp:attachment":[{"href":"https:\/\/www.buchbohne.de\/index.php?rest_route=%2Fwp%2Fv2%2Fmedia&parent=8728"}],"wp:term":[{"taxonomy":"category","embeddable":true,"href":"https:\/\/www.buchbohne.de\/index.php?rest_route=%2Fwp%2Fv2%2Fcategories&post=8728"},{"taxonomy":"post_tag","embeddable":true,"href":"https:\/\/www.buchbohne.de\/index.php?rest_route=%2Fwp%2Fv2%2Ftags&post=8728"}],"curies":[{"name":"wp","href":"https:\/\/api.w.org\/{rel}","templated":true}]}}