{"id":8705,"date":"2025-02-16T09:26:00","date_gmt":"2025-02-16T07:26:00","guid":{"rendered":"https:\/\/www.buchbohne.de\/?p=8705"},"modified":"2026-04-07T12:46:37","modified_gmt":"2026-04-07T10:46:37","slug":"titel-3-2-2-2-2-2-7-3-2-2-2-3","status":"publish","type":"post","link":"https:\/\/www.buchbohne.de\/?p=8705","title":{"rendered":"Lesung mit Gespr\u00e4ch Anja K\u00e4lin"},"content":{"rendered":"\n<h1 class=\"wp-block-heading kachel-header\">04\/05\/2026<\/h1>\n\n\n\n<h5 class=\"wp-block-heading\">Lesung mit Gespr\u00e4ch<\/h5>\n\n\n\n<h4 class=\"wp-block-heading\">19.30 UHR<\/h4>\n\n\n\n<p><\/p>\n\n\n\n<h3 class=\"wp-block-heading\"><br><br>Anja K\u00e4lin<\/h3>\n\n\n\n<h2 class=\"wp-block-heading kachel-header\">Denk auch an dich<\/h2>\n\n\n\n<h6 class=\"wp-block-heading\">Ein praktischer Leitfaden f\u00fcr mehr Selbstf\u00fcrsorge und ein neues Verst\u00e4ndnis in der Beziehung zu Menschen mit Demenz. Vorwort von Prof. Jens Bellinghoff<\/h6>\n\n\n\n<h2 class=\"wp-block-heading eintritt\">Eintritt frei<\/h2>\n\n\n<a class=\"read-more-link wp-block-read-more\" href=\"https:\/\/www.buchbohne.de\/?p=8705\" target=\"_self\">Weiterlesen<span class=\"screen-reader-text\">: Lesung mit Gespr\u00e4ch Anja K\u00e4lin<\/span><\/a>\n\n\n<div class=\"wp-block-columns is-layout-flex wp-container-core-columns-is-layout-9d6595d7 wp-block-columns-is-layout-flex\">\n<div class=\"wp-block-column is-layout-flow wp-block-column-is-layout-flow\">\n<figure class=\"wp-block-image size-full\"><a href=\"https:\/\/shop.buchbohne.de\/shop\/item\/9783910253223\/denk-auch-an-dich-von-kalin-benninghoff-anja-kartoniertes-buch\"><img loading=\"lazy\" decoding=\"async\" width=\"200\" height=\"311\" src=\"https:\/\/www.buchbohne.de\/wp-content\/uploads\/2026\/02\/32231.jpg\" alt=\"\" class=\"wp-image-8706\" srcset=\"https:\/\/www.buchbohne.de\/wp-content\/uploads\/2026\/02\/32231.jpg 200w, https:\/\/www.buchbohne.de\/wp-content\/uploads\/2026\/02\/32231-193x300.jpg 193w\" sizes=\"auto, (max-width: 200px) 100vw, 200px\" \/><\/a><\/figure>\n<\/div>\n\n\n\n<div class=\"wp-block-column is-vertically-aligned-center event-block is-layout-flow wp-block-column-is-layout-flow\">\n<p>Die Begleitung eines Menschen mit Demenz erfordert Flexibilit\u00e4t und Anpassungsf\u00e4higkeit an die sich st\u00e4ndig ver\u00e4ndernde Situation. Pflege kostet Kraft und wirft viele Fragen auf. Wissen hilft, mit der Situation leichter umzugehen. Im Leitfaden finden Sie neben Informationen zur Erkrankung sowie rechtlichen und finanziellen Aspekten auch hilfreiche Checklisten, Adressen von wichtigen Anlaufstellen und Anregungen f\u00fcr die Gestaltung des Alltags. Das Buch nimmt Sie an die Hand und gibt Impulse, wie Sie f\u00fcr Ihr nahestehendes Familienmitglied da sein k\u00f6nnen und dabei selbst gesund bleiben. Es macht Mut und schenkt Zuversicht. <br>Das Vorwort f\u00fcr diesen Ratgeber stammt vom renommierten Demenzforscher, dem Gerontopsychiater und Palliativmediziner Prof. Jens Bellinghoff <br>Extras: Checklisten, QR-Codes zum Vertiefen von Themen, \u00dcbungen zur Selbstreflexion, Notizseiten f\u00fcr pers\u00f6nliche Gedanken<\/p>\n\n\n\n<p>EINTRITT frei.<\/p>\n\n\n\n<p>Die Buchvorstellung findet am Montag, den 4. Mai 2026 bei Buch &amp; Bohne, Kapuzinerplatz 4, um 19.30 Uhr statt. Um Anmeldung wir gebeten an kontakt@buchbohne.de.<\/p>\n\n\n\n<p>Bitte melden Sie per Mail an an <a href=\"mailto:kontakt@buchbohne.de\">kontakt@buchbohne.de<\/a> an.<\/p>\n\n\n\n<div class=\"wp-block-buttons is-layout-flex wp-block-buttons-is-layout-flex\"><\/div>\n<\/div>\n<\/div>\n\n\n\n<div class=\"wp-block-columns is-layout-flex wp-container-core-columns-is-layout-9d6595d7 wp-block-columns-is-layout-flex\">\n<div class=\"wp-block-column is-layout-flow wp-block-column-is-layout-flow\">\n<figure class=\"wp-block-image size-full\"><a href=\"https:\/\/www.buchbohne.de\/wp-content\/uploads\/2026\/02\/anja-kalin_desideria-care-ev_potrait-2024_img_5246_d1.jpg\"><img loading=\"lazy\" decoding=\"async\" width=\"350\" height=\"440\" src=\"https:\/\/www.buchbohne.de\/wp-content\/uploads\/2026\/02\/anja-kalin_desideria-care-ev_potrait-2024_img_5246_d1.jpg\" alt=\"\" class=\"wp-image-8707\" srcset=\"https:\/\/www.buchbohne.de\/wp-content\/uploads\/2026\/02\/anja-kalin_desideria-care-ev_potrait-2024_img_5246_d1.jpg 350w, https:\/\/www.buchbohne.de\/wp-content\/uploads\/2026\/02\/anja-kalin_desideria-care-ev_potrait-2024_img_5246_d1-239x300.jpg 239w\" sizes=\"auto, (max-width: 350px) 100vw, 350px\" \/><\/a><figcaption class=\"wp-element-caption\">(c) privat<\/figcaption><\/figure>\n<\/div>\n\n\n\n<div class=\"wp-block-column is-layout-flow wp-block-column-is-layout-flow\">\n<p>Anja K\u00e4lin.<\/p>\n\n\n\n<p>Die gesch\u00e4ftsf\u00fchrende Vorst\u00e4ndin von Desideria ist Co-Gr\u00fcnderin und verantwortlich f\u00fcr die strategische Produktentwicklung. Bei ihren Aufgaben kommt ihr der beruflliche Hintergrund als Systemischer Coach und Familientherapeutische Beraterin sowie ihre Erfahrungen in der Erwachsenenbildung und Personal- und F\u00fchrungskr\u00e4fteentwicklung zu Gute.<\/p>\n<\/div>\n<\/div>\n\n\n\n<div class=\"wp-block-columns is-layout-flex wp-container-core-columns-is-layout-9d6595d7 wp-block-columns-is-layout-flex\">\n<div class=\"wp-block-column is-layout-flow wp-block-column-is-layout-flow\"><\/div>\n\n\n\n<div class=\"wp-block-column is-layout-flow wp-block-column-is-layout-flow\">\n<p><\/p>\n\n\n\n<p><\/p>\n<\/div>\n<\/div>\n\n\n\n<p><\/p>\n","protected":false},"excerpt":{"rendered":"<p>04\/05\/2026 Lesung mit Gespr\u00e4ch 19.30 UHR Anja K\u00e4lin Denk auch an dich Ein praktischer Leitfaden f\u00fcr mehr Selbstf\u00fcrsorge und ein neues Verst\u00e4ndnis in der Beziehung zu Menschen mit Demenz. Vorwort von Prof. Jens Bellinghoff Eintritt frei Die Begleitung eines Menschen mit Demenz erfordert Flexibilit\u00e4t und Anpassungsf\u00e4higkeit an die sich st\u00e4ndig ver\u00e4ndernde Situation. Pflege kostet Kraft&hellip;&nbsp;<a href=\"https:\/\/www.buchbohne.de\/?p=8705\" class=\"\" rel=\"bookmark\">Weiterlesen &raquo;<span class=\"screen-reader-text\">Lesung mit Gespr\u00e4ch Anja K\u00e4lin<\/span><\/a><\/p>\n","protected":false},"author":1,"featured_media":0,"comment_status":"closed","ping_status":"closed","sticky":false,"template":"","format":"standard","meta":{"neve_meta_sidebar":"","neve_meta_container":"","neve_meta_enable_content_width":"","neve_meta_content_width":0,"neve_meta_title_alignment":"","neve_meta_author_avatar":"","neve_post_elements_order":"","neve_meta_disable_header":"","neve_meta_disable_footer":"","neve_meta_disable_title":"","footnotes":""},"categories":[1,115],"tags":[],"class_list":["post-8705","post","type-post","status-publish","format-standard","hentry","category-allgemein","category-braun"],"_links":{"self":[{"href":"https:\/\/www.buchbohne.de\/index.php?rest_route=\/wp\/v2\/posts\/8705","targetHints":{"allow":["GET"]}}],"collection":[{"href":"https:\/\/www.buchbohne.de\/index.php?rest_route=\/wp\/v2\/posts"}],"about":[{"href":"https:\/\/www.buchbohne.de\/index.php?rest_route=\/wp\/v2\/types\/post"}],"author":[{"embeddable":true,"href":"https:\/\/www.buchbohne.de\/index.php?rest_route=\/wp\/v2\/users\/1"}],"replies":[{"embeddable":true,"href":"https:\/\/www.buchbohne.de\/index.php?rest_route=%2Fwp%2Fv2%2Fcomments&post=8705"}],"version-history":[{"count":11,"href":"https:\/\/www.buchbohne.de\/index.php?rest_route=\/wp\/v2\/posts\/8705\/revisions"}],"predecessor-version":[{"id":8781,"href":"https:\/\/www.buchbohne.de\/index.php?rest_route=\/wp\/v2\/posts\/8705\/revisions\/8781"}],"wp:attachment":[{"href":"https:\/\/www.buchbohne.de\/index.php?rest_route=%2Fwp%2Fv2%2Fmedia&parent=8705"}],"wp:term":[{"taxonomy":"category","embeddable":true,"href":"https:\/\/www.buchbohne.de\/index.php?rest_route=%2Fwp%2Fv2%2Fcategories&post=8705"},{"taxonomy":"post_tag","embeddable":true,"href":"https:\/\/www.buchbohne.de\/index.php?rest_route=%2Fwp%2Fv2%2Ftags&post=8705"}],"curies":[{"name":"wp","href":"https:\/\/api.w.org\/{rel}","templated":true}]}}