{"id":8626,"date":"2025-01-25T19:01:00","date_gmt":"2025-01-25T17:01:00","guid":{"rendered":"https:\/\/www.buchbohne.de\/?p=8626"},"modified":"2026-03-06T17:54:36","modified_gmt":"2026-03-06T15:54:36","slug":"lesung-natalie-buchholz-grand-papa-3-2-5-3","status":"publish","type":"post","link":"https:\/\/www.buchbohne.de\/?p=8626","title":{"rendered":"Lesung Regina Denk &#8211; Der F\u00e4hrmann"},"content":{"rendered":"\n<div class=\"wp-block-group\"><div class=\"wp-block-group__inner-container is-layout-constrained wp-block-group-is-layout-constrained\">\n<h1 class=\"wp-block-heading h1.wp-block-heading kachel-header has-text-color has-link-color wp-elements-1d4cb97135cbefdecfa7d61707005636\" style=\"color:#4d3507\">05\/03\/2026<\/h1>\n\n\n\n<h5 class=\"wp-block-heading h1.wp-block-heading kachel-header has-text-color has-link-color wp-elements-935c752a7bcb217b347c0c8e8739d531\" style=\"color:#4d3407cc\">Lesung<\/h5>\n\n\n\n<h4 class=\"wp-block-heading has-text-color has-link-color wp-elements-e0aab9d211d1ad991bb9c7cda4bf1b25\" style=\"color:#4d3507\">19.30 Uhr<br><br><br><br><\/h4>\n\n\n\n<figure class=\"wp-block-image size-full slider-image-full\"><a href=\"https:\/\/www.buchbohne.de\/?p=7371\"><img loading=\"lazy\" decoding=\"async\" width=\"300\" height=\"300\" src=\"https:\/\/www.buchbohne.de\/wp-content\/uploads\/2024\/01\/gefoerdert_weiss_trsp_unten_rechts_300x300.png\" alt=\"\" class=\"wp-image-6873\" style=\"object-fit:cover\" srcset=\"https:\/\/www.buchbohne.de\/wp-content\/uploads\/2024\/01\/gefoerdert_weiss_trsp_unten_rechts_300x300.png 300w, https:\/\/www.buchbohne.de\/wp-content\/uploads\/2024\/01\/gefoerdert_weiss_trsp_unten_rechts_300x300-150x150.png 150w\" sizes=\"auto, (max-width: 300px) 100vw, 300px\" \/><\/a><\/figure>\n\n\n\n<h2 class=\"wp-block-heading has-text-color has-link-color wp-elements-81aa2db99fdb24a23a22887547815142\" style=\"color:#4d3507cc\">Regina Denk<\/h2>\n\n\n\n<h2 class=\"wp-block-heading has-text-color has-link-color wp-elements-d983a72b338a001e0e7480f1b29cd24f\" style=\"color:#4d3507\">Der F\u00e4hrmann<\/h2>\n\n\n\n<h6 class=\"wp-block-heading has-text-color has-link-color wp-elements-693c6264a1d5760b83abe20cf5e8ca93\" style=\"color:#4d3507cc\">Freundschaft und Neid, Liebe und Schuld &#8211; und eine Gemeinschaft, die der Nationalismus entzweit.<\/h6>\n\n\n\n<h2 class=\"wp-block-heading eintritt has-text-color has-link-color wp-elements-241537d5eb6e688093367f12b6ec3a5f\" style=\"color:#4d3507\">EINTRITT 10 EUR<\/h2>\n\n\n<a class=\"read-more-link wp-block-read-more\" href=\"https:\/\/www.buchbohne.de\/?p=8626\" target=\"_self\">Weiterlesen<span class=\"screen-reader-text\">: Lesung Regina Denk &#8211; Der F\u00e4hrmann<\/span><\/a>\n\n\n<div class=\"wp-block-columns is-layout-flex wp-container-core-columns-is-layout-9d6595d7 wp-block-columns-is-layout-flex\">\n<div class=\"wp-block-column is-layout-flow wp-block-column-is-layout-flow\">\n<div class=\"wp-block-group\"><div class=\"wp-block-group__inner-container is-layout-constrained wp-block-group-is-layout-constrained\">\n<figure class=\"wp-block-image size-medium slider-image\"><a href=\"https:\/\/shop.buchbohne.de\/shop\/item\/9783426566282\/der-fahrmann-von-regina-denk-gebundenes-buch\"><img loading=\"lazy\" decoding=\"async\" width=\"195\" height=\"300\" src=\"https:\/\/www.buchbohne.de\/wp-content\/uploads\/2025\/12\/62821-195x300.jpg\" alt=\"\" class=\"wp-image-8627\" srcset=\"https:\/\/www.buchbohne.de\/wp-content\/uploads\/2025\/12\/62821-195x300.jpg 195w, https:\/\/www.buchbohne.de\/wp-content\/uploads\/2025\/12\/62821.jpg 422w\" sizes=\"auto, (max-width: 195px) 100vw, 195px\" \/><\/a><\/figure>\n<\/div><\/div>\n<\/div>\n\n\n\n<div class=\"wp-block-column is-vertically-aligned-center event-block no-show-on-slide is-layout-flow wp-block-column-is-layout-flow\">\n<p class=\"no-show-on-slide\">&#8218;Der F\u00e4hrmann&#8216; erz\u00e4hlt ein atmosph\u00e4risch d\u00fcsteres Familiendrama an der deutsch-\u00f6sterreichischen Grenze zur Zeit des 1. Weltkriegs. Hohenwart und Siegering, Anfang des 20. Jahrhunderts: Als F\u00e4hrmann muss Hannes Winkler dem Brauch folgen, sich keine Frau zu nehmen. Denn sollte sein gef\u00e4hrlicher Beruf sein Leben fordern, darf er keine bed\u00fcrftigen Angeh\u00f6rigen zur\u00fccklassen.&nbsp;Hannes Herz geh\u00f6rt trotzdem schon lang seiner Jugendfreundin Elisabeth. Doch die ist Josef Steiner versprochen, dem Erben des gr\u00f6\u00dften Hofes am diesseitigen Ufer der Salzach. Das trifft nicht nur Hannes und Elisabeth hart, die seine Gef\u00fchle erwidert: Elisabeths beste Freundin Annemarie hatte sich Hoffnung auf eine Heirat mit Josef gemacht. W\u00e4hrend der 1. Weltkrieg die kleine Gemeinschaft diesseits und jenseits der Salzach in \u00d6sterreich und Deutschland spaltet, ger\u00e4t das Leben der vier jungen Leute in einen Strudel aus Gewalt, Aufbegehren und Schuld. Als schlie\u00dflich ein Kind verschwindet, wird eine t\u00f6dliche Spirale in Gang gesetzt. <\/p>\n\n\n\n<p class=\"no-show-on-slide\">Ein Spannender Roman mit Tiefgang, authentischen Figuren und sprachlicher Raffinesse: Eindrucksvoll erweckt Regina Denk die beiden D\u00f6rfer an der Salzach zum Leben, die &#8211; verbunden durch den F\u00e4hrmann &#8211; seit jeher eine Gemeinschaft bilden. Bis der aufkeimende Nationalismus den Frieden empfindlich st\u00f6rt. Bis ein Krieg ausbricht, der die Welt ver\u00e4ndert.&nbsp;Bis Freundschaft und Neid, Liebe und Schuld ein Drama in Gang setzen, das sich nicht mehr aufhalten l\u00e4sst. <\/p>\n\n\n\n<p>Moderation: Veronika Islinger<\/p>\n\n\n\n<p class=\"no-show-on-slide\">Diese Lesung findet am Donnerstag, den 5. M\u00e4rz 2026 bei Buch &amp; Bohne, Kapuzinerplatz 4 (Eingang H\u00e4berlstrasse), um 19.30 Uhr statt. Bitte melden Sie sich per Mail bei&nbsp;<a href=\"mailto:kontakt@buchbohne.de\">kontakt@buchbohne.de<\/a>&nbsp;an.<\/p>\n\n\n\n<p class=\"no-show-on-slide\">10,00 EUR<\/p>\n\n\n\n<p class=\"no-show-on-slide\">Aktuelle Buch-Empfehlungen und Veranstaltungstipps finden Sie auch in unserem Newsletter. Melden Sie sich bitte bei&nbsp;<a href=\"mailto:kontakt@buchbohne.de?subject=Anmeldung%20zur%20Lesung%20\" target=\"_blank\" rel=\"noreferrer noopener\">kontakt@buchbohne.de<\/a>&nbsp;daf\u00fcr an.<\/p>\n<\/div>\n<\/div>\n\n\n\n<div class=\"wp-block-columns no-show-on-slide is-layout-flex wp-container-core-columns-is-layout-9d6595d7 wp-block-columns-is-layout-flex\">\n<div class=\"wp-block-column is-layout-flow wp-block-column-is-layout-flow\">\n<figure class=\"wp-block-image size-full is-resized no-show-on-slide\"><a href=\"https:\/\/www.buchbohne.de\/wp-content\/uploads\/2025\/12\/5c3f6ea6-421b-4412-9c27-b83b237f5b451.avif\"><img loading=\"lazy\" decoding=\"async\" width=\"840\" height=\"473\" src=\"https:\/\/www.buchbohne.de\/wp-content\/uploads\/2025\/12\/5c3f6ea6-421b-4412-9c27-b83b237f5b451.avif\" alt=\"\" class=\"wp-image-8628\" style=\"width:232px;height:auto\"\/><\/a><\/figure>\n\n\n\n<p class=\"no-show-on-slide\">(c) Anja Auer<\/p>\n<\/div>\n\n\n\n<div class=\"wp-block-column is-layout-flow wp-block-column-is-layout-flow\">\n<p>REGINA DENK wurde 1981 an der bayerisch-\u00f6sterreichischen Grenze geboren. Die Liebe zu ihrer Heimat wurde ihr, zusammen mit der Leidenschaft f\u00fcr Geschichten, in die Wiege gelegt. Das Schreiben und die Berge begleiten sie schon ihr Leben lang. Vom Literaturstudium in M\u00fcnchen, bis ans andere Ende der Welt und wieder zur\u00fcck in die Heimat, wo sie heute lebt &#8211; ein Bein in Bayern, das andere in \u00d6sterreich. Unter dem Pseudonym Fanny K\u00f6nig ver\u00f6ffentlichte sie humoristische Bayern-Krimis. Nach &#8222;Die Schwarzgeherin&#8220; ist &#8222;Der F\u00e4hrmann&#8220; ihr zweiter Roman bei Droemer.&nbsp;<\/p>\n\n\n\n<p><\/p>\n<\/div>\n<\/div>\n\n\n\n<div class=\"wp-block-columns no-show-on-slide is-layout-flex wp-container-core-columns-is-layout-9d6595d7 wp-block-columns-is-layout-flex\"><\/div>\n\n\n\n<div style=\"height:217px\" aria-hidden=\"true\" class=\"wp-block-spacer no-show-on-slide\"><\/div>\n<\/div><\/div>\n","protected":false},"excerpt":{"rendered":"<p>05\/03\/2026 Lesung 19.30 Uhr Regina Denk Der F\u00e4hrmann Freundschaft und Neid, Liebe und Schuld &#8211; und eine Gemeinschaft, die der Nationalismus entzweit. EINTRITT 10 EUR &#8218;Der F\u00e4hrmann&#8216; erz\u00e4hlt ein atmosph\u00e4risch d\u00fcsteres Familiendrama an der deutsch-\u00f6sterreichischen Grenze zur Zeit des 1. Weltkriegs. Hohenwart und Siegering, Anfang des 20. Jahrhunderts: Als F\u00e4hrmann muss Hannes Winkler dem Brauch&hellip;&nbsp;<a href=\"https:\/\/www.buchbohne.de\/?p=8626\" class=\"\" rel=\"bookmark\">Weiterlesen &raquo;<span class=\"screen-reader-text\">Lesung Regina Denk &#8211; Der F\u00e4hrmann<\/span><\/a><\/p>\n","protected":false},"author":1,"featured_media":0,"comment_status":"closed","ping_status":"closed","sticky":false,"template":"","format":"standard","meta":{"neve_meta_sidebar":"","neve_meta_container":"","neve_meta_enable_content_width":"","neve_meta_content_width":0,"neve_meta_title_alignment":"","neve_meta_author_avatar":"","neve_post_elements_order":"","neve_meta_disable_header":"","neve_meta_disable_footer":"","neve_meta_disable_title":"","footnotes":""},"categories":[1,121,120,118,109],"tags":[],"class_list":["post-8626","post","type-post","status-publish","format-standard","hentry","category-allgemein","category-archiv","category-ausverkauft","category-gefoerdert","category-hellblau"],"_links":{"self":[{"href":"https:\/\/www.buchbohne.de\/index.php?rest_route=\/wp\/v2\/posts\/8626","targetHints":{"allow":["GET"]}}],"collection":[{"href":"https:\/\/www.buchbohne.de\/index.php?rest_route=\/wp\/v2\/posts"}],"about":[{"href":"https:\/\/www.buchbohne.de\/index.php?rest_route=\/wp\/v2\/types\/post"}],"author":[{"embeddable":true,"href":"https:\/\/www.buchbohne.de\/index.php?rest_route=\/wp\/v2\/users\/1"}],"replies":[{"embeddable":true,"href":"https:\/\/www.buchbohne.de\/index.php?rest_route=%2Fwp%2Fv2%2Fcomments&post=8626"}],"version-history":[{"count":6,"href":"https:\/\/www.buchbohne.de\/index.php?rest_route=\/wp\/v2\/posts\/8626\/revisions"}],"predecessor-version":[{"id":8666,"href":"https:\/\/www.buchbohne.de\/index.php?rest_route=\/wp\/v2\/posts\/8626\/revisions\/8666"}],"wp:attachment":[{"href":"https:\/\/www.buchbohne.de\/index.php?rest_route=%2Fwp%2Fv2%2Fmedia&parent=8626"}],"wp:term":[{"taxonomy":"category","embeddable":true,"href":"https:\/\/www.buchbohne.de\/index.php?rest_route=%2Fwp%2Fv2%2Fcategories&post=8626"},{"taxonomy":"post_tag","embeddable":true,"href":"https:\/\/www.buchbohne.de\/index.php?rest_route=%2Fwp%2Fv2%2Ftags&post=8626"}],"curies":[{"name":"wp","href":"https:\/\/api.w.org\/{rel}","templated":true}]}}