{"id":8622,"date":"2025-02-15T19:03:25","date_gmt":"2025-02-15T17:03:25","guid":{"rendered":"https:\/\/www.buchbohne.de\/?p=8622"},"modified":"2026-04-15T09:34:57","modified_gmt":"2026-04-15T07:34:57","slug":"lesung-natalie-buchholz-grand-papa-3-2-5-4","status":"publish","type":"post","link":"https:\/\/www.buchbohne.de\/?p=8622","title":{"rendered":"Lesung Anika Landsteiner &#8211; Tr\u00e4ume aus Salz"},"content":{"rendered":"\n<div class=\"wp-block-group\"><div class=\"wp-block-group__inner-container is-layout-constrained wp-block-group-is-layout-constrained\">\n<h1 class=\"wp-block-heading h1.wp-block-heading kachel-header has-text-color has-link-color wp-elements-2ac2a57898e51a989a30041217a06143\" style=\"color:#4d3507\">06\/05\/2026<\/h1>\n\n\n\n<h5 class=\"wp-block-heading h1.wp-block-heading kachel-header has-text-color has-link-color wp-elements-935c752a7bcb217b347c0c8e8739d531\" style=\"color:#4d3407cc\">Lesung<\/h5>\n\n\n\n<h4 class=\"wp-block-heading has-text-color has-link-color wp-elements-e0aab9d211d1ad991bb9c7cda4bf1b25\" style=\"color:#4d3507\">19.30 Uhr<br><br><br><br><\/h4>\n\n\n\n<figure class=\"wp-block-image size-full slider-image-full\"><a href=\"https:\/\/www.buchbohne.de\/?p=7371\"><img loading=\"lazy\" decoding=\"async\" width=\"300\" height=\"300\" src=\"https:\/\/www.buchbohne.de\/wp-content\/uploads\/2024\/01\/gefoerdert_weiss_trsp_unten_rechts_300x300.png\" alt=\"\" class=\"wp-image-6873\" style=\"object-fit:cover\" srcset=\"https:\/\/www.buchbohne.de\/wp-content\/uploads\/2024\/01\/gefoerdert_weiss_trsp_unten_rechts_300x300.png 300w, https:\/\/www.buchbohne.de\/wp-content\/uploads\/2024\/01\/gefoerdert_weiss_trsp_unten_rechts_300x300-150x150.png 150w\" sizes=\"auto, (max-width: 300px) 100vw, 300px\" \/><\/a><\/figure>\n\n\n\n<h2 class=\"wp-block-heading has-text-color has-link-color wp-elements-4e9cb41bbc7b60d832251ca7ba660451\" style=\"color:#4d3507cc\">Anika Landsteiner<\/h2>\n\n\n\n<h2 class=\"wp-block-heading has-text-color has-link-color wp-elements-533cb1d9e372074a57f55de186b6380f\" style=\"color:#4d3507\">Tr\u00e4ume aus Salz<\/h2>\n\n\n\n<h6 class=\"wp-block-heading has-text-color has-link-color wp-elements-d10c9d86e89026c5ce9696ce821dea6b\" style=\"color:#4d3507cc\">Ein ber\u00fchrender Roman \u00fcber weibliche Intuition und Geheimnisse, f\u00fcr die es keine Worte gibt<\/h6>\n\n\n\n<h2 class=\"wp-block-heading eintritt has-text-color has-link-color wp-elements-241537d5eb6e688093367f12b6ec3a5f\" style=\"color:#4d3507\">EINTRITT 10 EUR<\/h2>\n\n\n<a class=\"read-more-link wp-block-read-more\" href=\"https:\/\/www.buchbohne.de\/?p=8622\" target=\"_self\">Weiterlesen<span class=\"screen-reader-text\">: Lesung Anika Landsteiner &#8211; Tr\u00e4ume aus Salz<\/span><\/a>\n\n\n<div class=\"wp-block-columns is-layout-flex wp-container-core-columns-is-layout-9d6595d7 wp-block-columns-is-layout-flex\">\n<div class=\"wp-block-column is-layout-flow wp-block-column-is-layout-flow\">\n<div class=\"wp-block-group\"><div class=\"wp-block-group__inner-container is-layout-constrained wp-block-group-is-layout-constrained\">\n<figure class=\"wp-block-image size-medium slider-image\"><a href=\"https:\/\/shop.buchbohne.de\/shop\/item\/9783758700460\/traume-aus-salz-von-anika-landsteiner-gebundenes-buch\"><img loading=\"lazy\" decoding=\"async\" width=\"196\" height=\"300\" src=\"https:\/\/www.buchbohne.de\/wp-content\/uploads\/2025\/12\/04601-196x300.jpg\" alt=\"\" class=\"wp-image-8623\" srcset=\"https:\/\/www.buchbohne.de\/wp-content\/uploads\/2025\/12\/04601-196x300.jpg 196w, https:\/\/www.buchbohne.de\/wp-content\/uploads\/2025\/12\/04601.jpg 423w\" sizes=\"auto, (max-width: 196px) 100vw, 196px\" \/><\/a><\/figure>\n<\/div><\/div>\n<\/div>\n\n\n\n<div class=\"wp-block-column is-vertically-aligned-center event-block no-show-on-slide is-layout-flow wp-block-column-is-layout-flow\">\n<p class=\"no-show-on-slide\">Ein ber\u00fchrender Roman \u00fcber weibliche Intuition und Geheimnisse, f\u00fcr die es keine Worte gibt <\/p>\n\n\n\n<p class=\"no-show-on-slide\">&#8218;Sie hat sich diese S\u00e4tze vorher zurechtgelegt. Kurze S\u00e4tze mit einfachen Informationen. Es sind keine Informationen, die leicht zu verdauen sind, aber verst\u00e4ndlich. Subjekt, Pr\u00e4dikat, Objekt.&#8216; Eigentlich ist Flo gl\u00fccklich. Zusammen mit ihrem Freund Matty verbringt sie eine Woche auf einer kleinen griechischen Insel. Das Wasser lockt azurblau, die N\u00e4chte schimmern im Mondlicht. Und trotzdem findet Flo keine Ruhe. Denn da ist etwas, das sie Matty nicht sagt. Nicht sagen kann. Als sie der mysteri\u00f6sen Sofia begegnet und sich von ihr die Karten legen l\u00e4sst, ger\u00e4t Flo in einen Strudel aus Erinnerungen, die sie dr\u00e4ngen, einen Weg zur Wahrheit zu finden. In &#8218;Tr\u00e4ume aus Salz&#8216; erz\u00e4hlt Bestsellerautorin Anika Landsteiner von einer Frau, die zwischen Intuition und Illusion taumelt &#8211; durch die flirrende Hitze Griechenlands hindurch, in der alles miteinander zu verschmelzen droht.<\/p>\n\n\n\n<p>Diese Lesung findet am Mittwoch, den 06. Mai 2026 bei Buch &amp; Bohne, Kapuzinerplatz 4 (Eingang H\u00e4berlstrasse), um 19.30 Uhr statt. Bitte melden Sie sich per Mail bei\u00a0<a href=\"mailto:kontakt@buchbohne.de\">kontakt@buchbohne.de<\/a>\u00a0an.<\/p>\n\n\n\n<p class=\"no-show-on-slide\">10,00 EUR<\/p>\n\n\n\n<p class=\"no-show-on-slide\">Aktuelle Buch-Empfehlungen und Veranstaltungstipps finden Sie auch in unserem Newsletter. Melden Sie sich bitte bei&nbsp;<a href=\"mailto:kontakt@buchbohne.de?subject=Anmeldung%20zur%20Lesung%20\" target=\"_blank\" rel=\"noreferrer noopener\">kontakt@buchbohne.de<\/a>&nbsp;daf\u00fcr an.<\/p>\n<\/div>\n<\/div>\n\n\n\n<div class=\"wp-block-columns no-show-on-slide is-layout-flex wp-container-core-columns-is-layout-9d6595d7 wp-block-columns-is-layout-flex\">\n<div class=\"wp-block-column is-layout-flow wp-block-column-is-layout-flow\">\n<figure class=\"wp-block-image size-full is-resized no-show-on-slide\"><a href=\"https:\/\/www.buchbohne.de\/wp-content\/uploads\/2025\/12\/Anika-Pension-Schmidt-07113-Kopie-1-683x10241-1.jpeg\"><img loading=\"lazy\" decoding=\"async\" width=\"683\" height=\"1024\" src=\"https:\/\/www.buchbohne.de\/wp-content\/uploads\/2025\/12\/Anika-Pension-Schmidt-07113-Kopie-1-683x10241-1.jpeg\" alt=\"\" class=\"wp-image-8624\" style=\"width:232px;height:auto\" srcset=\"https:\/\/www.buchbohne.de\/wp-content\/uploads\/2025\/12\/Anika-Pension-Schmidt-07113-Kopie-1-683x10241-1.jpeg 683w, https:\/\/www.buchbohne.de\/wp-content\/uploads\/2025\/12\/Anika-Pension-Schmidt-07113-Kopie-1-683x10241-1-200x300.jpeg 200w\" sizes=\"auto, (max-width: 683px) 100vw, 683px\" \/><\/a><\/figure>\n\n\n\n<p class=\"no-show-on-slide\">(c) <em>bythesea \/ Sophia Ro\u00dfberg<\/em><\/p>\n<\/div>\n\n\n\n<div class=\"wp-block-column is-layout-flow wp-block-column-is-layout-flow\">\n<p>ANIKA LANDSTEINER, Jahrgang 1987, arbeitet als Autorin und Journalistin. Ihr Fokus liegt dabei auf gesellschaftlichen Ungerechtigkeiten, Tabuthemen, Feminismus und Popkultur. In ihren Romanen &#8218;So wie du mich kennst&#8216; und &#8218;Nachts erz\u00e4hle ich dir alles&#8216; widmet sie sich auf einf\u00fchlsame Art den Themen Trauerbew\u00e4ltigung und weibliche Selbstbestimmung. 2025 stand sie auf der Shortlist des Romanfabrik-SchreiberInnen-Preises. Die Spiegel-Bestseller-Autorin lebt in M\u00fcnchen. Mehr \u00fcber die Autorin finden Sie hier:www.anikalandsteiner.de Instagram: @anikalandsteiner<\/p>\n\n\n\n<p><\/p>\n<\/div>\n<\/div>\n\n\n\n<div class=\"wp-block-columns no-show-on-slide is-layout-flex wp-container-core-columns-is-layout-9d6595d7 wp-block-columns-is-layout-flex\"><\/div>\n\n\n\n<div style=\"height:217px\" aria-hidden=\"true\" class=\"wp-block-spacer no-show-on-slide\"><\/div>\n<\/div><\/div>\n","protected":false},"excerpt":{"rendered":"<p>06\/05\/2026 Lesung 19.30 Uhr Anika Landsteiner Tr\u00e4ume aus Salz Ein ber\u00fchrender Roman \u00fcber weibliche Intuition und Geheimnisse, f\u00fcr die es keine Worte gibt EINTRITT 10 EUR Ein ber\u00fchrender Roman \u00fcber weibliche Intuition und Geheimnisse, f\u00fcr die es keine Worte gibt &#8218;Sie hat sich diese S\u00e4tze vorher zurechtgelegt. Kurze S\u00e4tze mit einfachen Informationen. Es sind keine&hellip;&nbsp;<a href=\"https:\/\/www.buchbohne.de\/?p=8622\" class=\"\" rel=\"bookmark\">Weiterlesen &raquo;<span class=\"screen-reader-text\">Lesung Anika Landsteiner &#8211; Tr\u00e4ume aus Salz<\/span><\/a><\/p>\n","protected":false},"author":1,"featured_media":0,"comment_status":"closed","ping_status":"closed","sticky":false,"template":"","format":"standard","meta":{"neve_meta_sidebar":"","neve_meta_container":"","neve_meta_enable_content_width":"","neve_meta_content_width":0,"neve_meta_title_alignment":"","neve_meta_author_avatar":"","neve_post_elements_order":"","neve_meta_disable_header":"","neve_meta_disable_footer":"","neve_meta_disable_title":"","footnotes":""},"categories":[1,118,110],"tags":[],"class_list":["post-8622","post","type-post","status-publish","format-standard","hentry","category-allgemein","category-gefoerdert","category-magenta"],"_links":{"self":[{"href":"https:\/\/www.buchbohne.de\/index.php?rest_route=\/wp\/v2\/posts\/8622","targetHints":{"allow":["GET"]}}],"collection":[{"href":"https:\/\/www.buchbohne.de\/index.php?rest_route=\/wp\/v2\/posts"}],"about":[{"href":"https:\/\/www.buchbohne.de\/index.php?rest_route=\/wp\/v2\/types\/post"}],"author":[{"embeddable":true,"href":"https:\/\/www.buchbohne.de\/index.php?rest_route=\/wp\/v2\/users\/1"}],"replies":[{"embeddable":true,"href":"https:\/\/www.buchbohne.de\/index.php?rest_route=%2Fwp%2Fv2%2Fcomments&post=8622"}],"version-history":[{"count":4,"href":"https:\/\/www.buchbohne.de\/index.php?rest_route=\/wp\/v2\/posts\/8622\/revisions"}],"predecessor-version":[{"id":8850,"href":"https:\/\/www.buchbohne.de\/index.php?rest_route=\/wp\/v2\/posts\/8622\/revisions\/8850"}],"wp:attachment":[{"href":"https:\/\/www.buchbohne.de\/index.php?rest_route=%2Fwp%2Fv2%2Fmedia&parent=8622"}],"wp:term":[{"taxonomy":"category","embeddable":true,"href":"https:\/\/www.buchbohne.de\/index.php?rest_route=%2Fwp%2Fv2%2Fcategories&post=8622"},{"taxonomy":"post_tag","embeddable":true,"href":"https:\/\/www.buchbohne.de\/index.php?rest_route=%2Fwp%2Fv2%2Ftags&post=8622"}],"curies":[{"name":"wp","href":"https:\/\/api.w.org\/{rel}","templated":true}]}}