{"id":8505,"date":"2025-01-23T16:50:49","date_gmt":"2025-01-23T14:50:49","guid":{"rendered":"https:\/\/www.buchbohne.de\/?p=8505"},"modified":"2026-02-05T19:30:40","modified_gmt":"2026-02-05T17:30:40","slug":"8505","status":"publish","type":"post","link":"https:\/\/www.buchbohne.de\/?p=8505","title":{"rendered":"Lesung Torsten Woywod &#8211; Mathilde und Marie"},"content":{"rendered":"\n<div class=\"wp-block-group\"><div class=\"wp-block-group__inner-container is-layout-constrained wp-block-group-is-layout-constrained\">\n<h1 class=\"wp-block-heading h1.wp-block-heading kachel-header\">02\/02\/2026<\/h1>\n\n\n\n<h5 class=\"wp-block-heading h1.wp-block-heading kachel-header\">Lesung<\/h5>\n\n\n\n<h4 class=\"wp-block-heading\">19.30 Uhr<br><br><br><br><\/h4>\n\n\n\n<figure class=\"wp-block-image size-full slider-image-full\"><img loading=\"lazy\" decoding=\"async\" width=\"300\" height=\"300\" src=\"https:\/\/www.buchbohne.de\/wp-content\/uploads\/2024\/01\/gefoerdert_weiss_trsp_unten_rechts_300x300.png\" alt=\"\" class=\"wp-image-6873\" style=\"object-fit:cover\" srcset=\"https:\/\/www.buchbohne.de\/wp-content\/uploads\/2024\/01\/gefoerdert_weiss_trsp_unten_rechts_300x300.png 300w, https:\/\/www.buchbohne.de\/wp-content\/uploads\/2024\/01\/gefoerdert_weiss_trsp_unten_rechts_300x300-150x150.png 150w\" sizes=\"auto, (max-width: 300px) 100vw, 300px\" \/><\/figure>\n\n\n\n<h3 class=\"wp-block-heading\">Torsten Woywod<\/h3>\n\n\n\n<h2 class=\"wp-block-heading\">Mathilde und Marie<\/h2>\n\n\n\n<h6 class=\"wp-block-heading\">Eine Liebeserkl\u00e4rung an den Zauber des Lesens und eine R\u00fcckbesinnung auf das, was wir im Leben wirklich brauchen.<\/h6>\n\n\n\n<h2 class=\"wp-block-heading eintritt\">EINTRITT 10 EUR<\/h2>\n\n\n<a class=\"read-more-link wp-block-read-more\" href=\"https:\/\/www.buchbohne.de\/?p=8505\" target=\"_self\">Weiterlesen<span class=\"screen-reader-text\">: Lesung Torsten Woywod &#8211; Mathilde und Marie<\/span><\/a>\n\n\n<div class=\"wp-block-columns is-layout-flex wp-container-core-columns-is-layout-9d6595d7 wp-block-columns-is-layout-flex\">\n<div class=\"wp-block-column is-layout-flow wp-block-column-is-layout-flow\">\n<div class=\"wp-block-group\"><div class=\"wp-block-group__inner-container is-layout-constrained wp-block-group-is-layout-constrained\">\n<figure class=\"wp-block-image size-medium slider-image\"><a href=\"https:\/\/shop.buchbohne.de\/shop\/item\/9783423285124\/mathilde-und-marie-von-torsten-woywod-gebundenes-buch\"><img decoding=\"async\" src=\"https:\/\/www.buchbohne.de\/wp-content\/uploads\/2025\/08\/51241-1-185x300.jpg\" alt=\"\" class=\"wp-image-8511\"\/><\/a><\/figure>\n<\/div><\/div>\n<\/div>\n\n\n\n<div class=\"wp-block-column is-vertically-aligned-center event-block no-show-on-slide is-layout-flow wp-block-column-is-layout-flow\">\n<p class=\"no-show-on-slide\">In Redu, einem kleinen B\u00fccherdorf inmitten der belgischen Ardennen, wird die Zeit als Freund und nicht als Gegner empfunden: Umgeben von ausgedehnten W\u00e4ldern, rauschenden Fl\u00fcssen und steilen Anh\u00f6hen gibt es hier lediglich einen Fernseher, w\u00e4hrend das Internet nur zwischen 19 und 20 Uhr verf\u00fcgbar ist. Dass der Kirchturm windschief in den Himmel ragt und man sein baldiges Herabst\u00fcrzen bef\u00fcrchten muss, st\u00f6rt die 390 Einwohner ebenso wenig wie die geh\u00f6rig aus dem Takt geratene Turmuhr. Als dann jedoch die junge Franz\u00f6sin Marie ins Dorf kommt und der Fr\u00fchling Einzug h\u00e4lt, wird nicht nur die Natur zu neuem Leben erweckt. Selbst die m\u00fcrrische Mathilde kann sich dieser Entwicklung nicht entziehen \u2026<br>Diese Lesung findet am Montag, den 2. Februar 2026 bei Buch &amp; Bohne, Kapuzinerplatz 4 (Eingang H\u00e4berlstrasse), um 19.30 Uhr statt. Bitte melden Sie sich per Mail bei&nbsp;<a href=\"mailto:kontakt@buchbohne.de\">kontakt@buchbohne.de<\/a>&nbsp;an.<\/p>\n\n\n\n<p class=\"no-show-on-slide\">10,00 EUR<\/p>\n\n\n\n<p>Aktuelle Buch-Empfehlungen und Veranstaltungstipps finden Sie auch in unserem Newsletter. Melden Sie sich bitte bei&nbsp;<a href=\"mailto:kontakt@buchbohne.de?subject=Anmeldung%20zur%20Lesung%20\" target=\"_blank\" rel=\"noreferrer noopener\">kontakt@buchbohne.de<\/a>&nbsp;daf\u00fcr an.<\/p>\n<\/div>\n<\/div>\n\n\n\n<div class=\"wp-block-columns no-show-on-slide is-layout-flex wp-container-core-columns-is-layout-9d6595d7 wp-block-columns-is-layout-flex\">\n<div class=\"wp-block-column is-layout-flow wp-block-column-is-layout-flow\">\n<figure class=\"wp-block-image size-full is-resized no-show-on-slide\"><a href=\"https:\/\/www.buchbohne.de\/wp-content\/uploads\/2025\/08\/Woywod_Torsten_4b_c_Tanja_Kioschis-BTC_Photography_2025_FA20Urheberbild20Web_400x4001.jpg\"><img decoding=\"async\" src=\"https:\/\/www.buchbohne.de\/wp-content\/uploads\/2025\/08\/Woywod_Torsten_4b_c_Tanja_Kioschis-BTC_Photography_2025_FA20Urheberbild20Web_400x4001.jpg\" alt=\"\" class=\"wp-image-8510\" style=\"width:232px;height:auto\"\/><\/a><\/figure>\n\n\n\n<p class=\"no-show-on-slide\">(c) Tanja Kioschis \u2013 BTC Photography<\/p>\n<\/div>\n\n\n\n<div class=\"wp-block-column is-layout-flow wp-block-column-is-layout-flow\">\n<p>Torsten Woywod (*1981) arbeitete als Buchh\u00e4ndler und im Online-Marketing, bevor er 2021 die Marketingleitung des DuMont Buchverlags \u00fcbernahm. F\u00fcr sein Engagement f\u00fcr die Buchwelt erhielt er 2015 den Young Excellence Award. Zuletzt gr\u00fcndete er mit seiner Freundin den Verlag WOYWOD &amp; MEURER, dessen Deb\u00fctver\u00f6ffentlichung \u203aLeonard und Paul\u2039 ein SPIEGEL-Bestseller und f\u00fcr das Lieblingsbuch der Unabh\u00e4ngigen nominiert war. Mit \u203aMathilde und Marie\u2039 legt er nun seinen ersten eigenen Roman vor.<\/p>\n<\/div>\n<\/div>\n\n\n\n<div style=\"height:217px\" aria-hidden=\"true\" class=\"wp-block-spacer no-show-on-slide\"><\/div>\n<\/div><\/div>\n","protected":false},"excerpt":{"rendered":"<p>02\/02\/2026 Lesung 19.30 Uhr Torsten Woywod Mathilde und Marie Eine Liebeserkl\u00e4rung an den Zauber des Lesens und eine R\u00fcckbesinnung auf das, was wir im Leben wirklich brauchen. EINTRITT 10 EUR In Redu, einem kleinen B\u00fccherdorf inmitten der belgischen Ardennen, wird die Zeit als Freund und nicht als Gegner empfunden: Umgeben von ausgedehnten W\u00e4ldern, rauschenden Fl\u00fcssen&hellip;&nbsp;<a href=\"https:\/\/www.buchbohne.de\/?p=8505\" class=\"\" rel=\"bookmark\">Weiterlesen &raquo;<span class=\"screen-reader-text\">Lesung Torsten Woywod &#8211; Mathilde und Marie<\/span><\/a><\/p>\n","protected":false},"author":1,"featured_media":0,"comment_status":"closed","ping_status":"open","sticky":false,"template":"","format":"standard","meta":{"neve_meta_sidebar":"","neve_meta_container":"","neve_meta_enable_content_width":"","neve_meta_content_width":0,"neve_meta_title_alignment":"","neve_meta_author_avatar":"","neve_post_elements_order":"","neve_meta_disable_header":"","neve_meta_disable_footer":"","neve_meta_disable_title":"","footnotes":""},"categories":[1,121,118,112],"tags":[],"class_list":["post-8505","post","type-post","status-publish","format-standard","hentry","category-allgemein","category-archiv","category-gefoerdert","category-gruen"],"_links":{"self":[{"href":"https:\/\/www.buchbohne.de\/index.php?rest_route=\/wp\/v2\/posts\/8505","targetHints":{"allow":["GET"]}}],"collection":[{"href":"https:\/\/www.buchbohne.de\/index.php?rest_route=\/wp\/v2\/posts"}],"about":[{"href":"https:\/\/www.buchbohne.de\/index.php?rest_route=\/wp\/v2\/types\/post"}],"author":[{"embeddable":true,"href":"https:\/\/www.buchbohne.de\/index.php?rest_route=\/wp\/v2\/users\/1"}],"replies":[{"embeddable":true,"href":"https:\/\/www.buchbohne.de\/index.php?rest_route=%2Fwp%2Fv2%2Fcomments&post=8505"}],"version-history":[{"count":6,"href":"https:\/\/www.buchbohne.de\/index.php?rest_route=\/wp\/v2\/posts\/8505\/revisions"}],"predecessor-version":[{"id":8541,"href":"https:\/\/www.buchbohne.de\/index.php?rest_route=\/wp\/v2\/posts\/8505\/revisions\/8541"}],"wp:attachment":[{"href":"https:\/\/www.buchbohne.de\/index.php?rest_route=%2Fwp%2Fv2%2Fmedia&parent=8505"}],"wp:term":[{"taxonomy":"category","embeddable":true,"href":"https:\/\/www.buchbohne.de\/index.php?rest_route=%2Fwp%2Fv2%2Fcategories&post=8505"},{"taxonomy":"post_tag","embeddable":true,"href":"https:\/\/www.buchbohne.de\/index.php?rest_route=%2Fwp%2Fv2%2Ftags&post=8505"}],"curies":[{"name":"wp","href":"https:\/\/api.w.org\/{rel}","templated":true}]}}