{"id":8247,"date":"2025-01-09T14:23:44","date_gmt":"2025-01-09T12:23:44","guid":{"rendered":"https:\/\/www.buchbohne.de\/?p=8247"},"modified":"2025-11-03T19:50:51","modified_gmt":"2025-11-03T17:50:51","slug":"lesung-natalie-buchholz-grand-papa-3-2-4","status":"publish","type":"post","link":"https:\/\/www.buchbohne.de\/?p=8247","title":{"rendered":"Lesung Anne Sauer &#8211; Im Leben nebenan"},"content":{"rendered":"\n<div class=\"wp-block-group\"><div class=\"wp-block-group__inner-container is-layout-constrained wp-block-group-is-layout-constrained\">\n<h1 class=\"wp-block-heading h1.wp-block-heading kachel-header has-text-color has-link-color wp-elements-d9949ac502cc0db88a571f5b12cb15bb\" style=\"color:#4d3507\">30\/10\/2025<\/h1>\n\n\n\n<h5 class=\"wp-block-heading h1.wp-block-heading kachel-header has-text-color has-link-color wp-elements-3e4bf6be26ffb053971fcf9dbcbf2b1a\" style=\"color:#4d3407cc\">Lesung <br>Anderer Veranstaltungsort!<\/h5>\n\n\n\n<h4 class=\"wp-block-heading has-text-color has-link-color wp-elements-e0aab9d211d1ad991bb9c7cda4bf1b25\" style=\"color:#4d3507\">19.30 Uhr<br><br><br><br><\/h4>\n\n\n\n<figure class=\"wp-block-image size-full slider-image-full\"><a href=\"https:\/\/www.buchbohne.de\/?p=7371\"><img loading=\"lazy\" decoding=\"async\" width=\"300\" height=\"300\" src=\"https:\/\/www.buchbohne.de\/wp-content\/uploads\/2024\/01\/gefoerdert_weiss_trsp_unten_rechts_300x300.png\" alt=\"\" class=\"wp-image-6873\" style=\"object-fit:cover\" srcset=\"https:\/\/www.buchbohne.de\/wp-content\/uploads\/2024\/01\/gefoerdert_weiss_trsp_unten_rechts_300x300.png 300w, https:\/\/www.buchbohne.de\/wp-content\/uploads\/2024\/01\/gefoerdert_weiss_trsp_unten_rechts_300x300-150x150.png 150w\" sizes=\"auto, (max-width: 300px) 100vw, 300px\" \/><\/a><\/figure>\n\n\n\n<h2 class=\"wp-block-heading has-text-color has-link-color wp-elements-8fa476c0b27fbdcdd3db54d659b5209a\" style=\"color:#4d3507cc\">Anne Sauer<\/h2>\n\n\n\n<h2 class=\"wp-block-heading has-text-color has-link-color wp-elements-a4bec3781af52b4ecae032c101c87fb9\" style=\"color:#4d3507\">Im Leben nebenan<\/h2>\n\n\n\n<h6 class=\"wp-block-heading has-text-color has-link-color wp-elements-77380e72fd0463d27365f299893452c1\" style=\"color:#4d3507cc\">Wie w\u00e4re das Leben verlaufen, h\u00e4tte man eine entscheidende Abzweigung nicht genommen? In Kooperation mit der Beratungsstelle f\u00fcr Geburt und Elternsein e.V. (H\u00e4berlstr. 17)<\/h6>\n\n\n\n<h2 class=\"wp-block-heading eintritt has-text-color has-link-color wp-elements-241537d5eb6e688093367f12b6ec3a5f\" style=\"color:#4d3507\">EINTRITT 10 EUR<\/h2>\n\n\n<a class=\"read-more-link wp-block-read-more\" href=\"https:\/\/www.buchbohne.de\/?p=8247\" target=\"_self\">Weiterlesen<span class=\"screen-reader-text\">: Lesung Anne Sauer &#8211; Im Leben nebenan<\/span><\/a>\n\n\n<div class=\"wp-block-columns is-layout-flex wp-container-core-columns-is-layout-9d6595d7 wp-block-columns-is-layout-flex\">\n<div class=\"wp-block-column is-layout-flow wp-block-column-is-layout-flow\">\n<div class=\"wp-block-group\"><div class=\"wp-block-group__inner-container is-layout-constrained wp-block-group-is-layout-constrained\">\n<figure class=\"wp-block-image size-medium slider-image\"><a href=\"https:\/\/shop.buchbohne.de\/shop\/item\/9783423284837\/im-leben-nebenan-von-anne-sauer-gebundenes-buch\"><img decoding=\"async\" src=\"https:\/\/www.buchbohne.de\/wp-content\/uploads\/2025\/06\/im-leben-nebenan-epub-3-anne-sauer1-186x300.jpeg\" alt=\"\" class=\"wp-image-8250\"\/><\/a><\/figure>\n<\/div><\/div>\n<\/div>\n\n\n\n<div class=\"wp-block-column is-vertically-aligned-center event-block no-show-on-slide is-layout-flow wp-block-column-is-layout-flow\">\n<p class=\"no-show-on-slide\">In Kooperation mit der Beratungsstelle f\u00fcr Geburt und Elternsein e.V.<br>Achtung: Abweichender Veranstaltungsort!<br>Eines Morgens erwacht Toni nicht wie gewohnt neben ihrem langj\u00e4hrigen Freund in ihrer kleinen Altbauwohnung. Zu ihrer Verwunderung befindet sie sich in einer gro\u00dfz\u00fcgig geschnittenen Wohnung, hell, ordentlich, teuer eingerichtet. Und der Blick aus dem Fenster? Seltsam vertraut. Antonia versteht: Sie ist wieder in dem Dorf ihrer Kindheit. Nach und nach erf\u00e4hrt sie, dass sie hier ein beschauliches Leben f\u00fchrt, b\u00fcrgerlich geordnet, mit Auto vor der T\u00fcr, Schwiegermutter nebenan und Kind auf dem Scho\u00df. Kind auf dem Scho\u00df? Antonia kommt aus dem Staunen nicht mehr heraus. Ist das etwa ihr Baby? Und der Vater dazu? Offenbar ihre erste gro\u00dfe Liebe.<\/p>\n\n\n\n<p>Anne Sauer erz\u00e4hlt davon, wie das eigene Leben verlaufen k\u00f6nnte, h\u00e4tte man die eine entscheidende Abzweigung nicht genommen. \u2039Im Leben nebenan\u203a spiegelt zwei Lebensszenarien einer jungen Frau, erz\u00e4hlt im Wechsel von zwei Versionen eines Lebens und nimmt dabei mit gebotenem Humor, Gef\u00fchl und Leichtigkeit den Horror von gewollter und ungewollter Mutterschaft in den Blick: das gro\u00dfe Gl\u00fcck mit Kind, aber auch: ohne Kind zu leben.<\/p>\n\n\n\n<p>Moderation: Veronika Islinger<\/p>\n\n\n\n<p>Diese Lesung findet am Donnerstag, den 30. Oktober 2025 bei der Beratungsstelle f\u00fcr Geburt und Elternsein e.V., Raum 4, 2. Stock, R\u00fcckgeb\u00e4ude H\u00e4berlstra\u00dfe 17, 80337 M\u00fcnchen um 19.30 Uhr statt. Bitte melden Sie sich per Mail bei&nbsp;<a href=\"mailto:kontakt@buchbohne.de\">kontakt@buchbohne.de<\/a>&nbsp;an.<\/p>\n\n\n\n<p class=\"no-show-on-slide\">10,00 EUR<\/p>\n\n\n\n<p class=\"no-show-on-slide\">Aktuelle Buch-Empfehlungen und Veranstaltungstipps finden Sie auch in unserem Newsletter. Melden Sie sich bitte bei&nbsp;<a href=\"mailto:kontakt@buchbohne.de?subject=Anmeldung%20zur%20Lesung%20\" target=\"_blank\" rel=\"noreferrer noopener\">kontakt@buchbohne.de<\/a>&nbsp;daf\u00fcr an.<\/p>\n<\/div>\n<\/div>\n\n\n\n<div class=\"wp-block-columns no-show-on-slide is-layout-flex wp-container-core-columns-is-layout-9d6595d7 wp-block-columns-is-layout-flex\">\n<div class=\"wp-block-column is-layout-flow wp-block-column-is-layout-flow\">\n<figure class=\"wp-block-image size-full is-resized no-show-on-slide\"><a href=\"https:\/\/www.buchbohne.de\/wp-content\/uploads\/2025\/06\/Sauer_Anne_4574_c_Tara_Wolff_2025_FA20Urheberbild20Web1.jpg\"><img decoding=\"async\" src=\"https:\/\/www.buchbohne.de\/wp-content\/uploads\/2025\/06\/Sauer_Anne_4574_c_Tara_Wolff_2025_FA20Urheberbild20Web1.jpg\" alt=\"\" class=\"wp-image-8251\" style=\"width:232px;height:auto\"\/><\/a><\/figure>\n\n\n\n<p class=\"no-show-on-slide\">(c) Tara Wolff<\/p>\n<\/div>\n\n\n\n<div class=\"wp-block-column is-layout-flow wp-block-column-is-layout-flow\">\n<p>Anne Sauer (*1989) lebt als freie Texterin und Moderatorin in Hamburg. Sie ist Teil von Literaturjurys und empfiehlt seit vielen Jahren aktuelle Gegenwartsliteratur, u. a. im Podcast \u203aMONATSLESE\u2039 oder als @fuxbooks auf Instagram. F\u00fcr ihre Arbeit verlieh ihr der B\u00f6rsenverein des Deutschen Buchhandels 2022 den Young Excellence Award. 2024 erschien ihr viel beachtetes Essay \u00fcber Taylor Swift, mit dem sie direkt auf der SPIEGEL-Bestsellerliste einstieg. \u203aIm Leben nebenan\u2039 ist ihr Romandeb\u00fct.<\/p>\n<\/div>\n<\/div>\n\n\n\n<div class=\"wp-block-columns no-show-on-slide is-layout-flex wp-container-core-columns-is-layout-9d6595d7 wp-block-columns-is-layout-flex\"><\/div>\n\n\n\n<div style=\"height:217px\" aria-hidden=\"true\" class=\"wp-block-spacer no-show-on-slide\"><\/div>\n<\/div><\/div>\n","protected":false},"excerpt":{"rendered":"<p>30\/10\/2025 Lesung Anderer Veranstaltungsort! 19.30 Uhr Anne Sauer Im Leben nebenan Wie w\u00e4re das Leben verlaufen, h\u00e4tte man eine entscheidende Abzweigung nicht genommen? In Kooperation mit der Beratungsstelle f\u00fcr Geburt und Elternsein e.V. (H\u00e4berlstr. 17) EINTRITT 10 EUR In Kooperation mit der Beratungsstelle f\u00fcr Geburt und Elternsein e.V.Achtung: Abweichender Veranstaltungsort!Eines Morgens erwacht Toni nicht wie&hellip;&nbsp;<a href=\"https:\/\/www.buchbohne.de\/?p=8247\" class=\"\" rel=\"bookmark\">Weiterlesen &raquo;<span class=\"screen-reader-text\">Lesung Anne Sauer &#8211; Im Leben nebenan<\/span><\/a><\/p>\n","protected":false},"author":1,"featured_media":0,"comment_status":"closed","ping_status":"closed","sticky":false,"template":"","format":"standard","meta":{"neve_meta_sidebar":"","neve_meta_container":"","neve_meta_enable_content_width":"","neve_meta_content_width":0,"neve_meta_title_alignment":"","neve_meta_author_avatar":"","neve_post_elements_order":"","neve_meta_disable_header":"","neve_meta_disable_footer":"","neve_meta_disable_title":"","footnotes":""},"categories":[1,121,120,118,109],"tags":[],"class_list":["post-8247","post","type-post","status-publish","format-standard","hentry","category-allgemein","category-archiv","category-ausverkauft","category-gefoerdert","category-hellblau"],"_links":{"self":[{"href":"https:\/\/www.buchbohne.de\/index.php?rest_route=\/wp\/v2\/posts\/8247","targetHints":{"allow":["GET"]}}],"collection":[{"href":"https:\/\/www.buchbohne.de\/index.php?rest_route=\/wp\/v2\/posts"}],"about":[{"href":"https:\/\/www.buchbohne.de\/index.php?rest_route=\/wp\/v2\/types\/post"}],"author":[{"embeddable":true,"href":"https:\/\/www.buchbohne.de\/index.php?rest_route=\/wp\/v2\/users\/1"}],"replies":[{"embeddable":true,"href":"https:\/\/www.buchbohne.de\/index.php?rest_route=%2Fwp%2Fv2%2Fcomments&post=8247"}],"version-history":[{"count":18,"href":"https:\/\/www.buchbohne.de\/index.php?rest_route=\/wp\/v2\/posts\/8247\/revisions"}],"predecessor-version":[{"id":8547,"href":"https:\/\/www.buchbohne.de\/index.php?rest_route=\/wp\/v2\/posts\/8247\/revisions\/8547"}],"wp:attachment":[{"href":"https:\/\/www.buchbohne.de\/index.php?rest_route=%2Fwp%2Fv2%2Fmedia&parent=8247"}],"wp:term":[{"taxonomy":"category","embeddable":true,"href":"https:\/\/www.buchbohne.de\/index.php?rest_route=%2Fwp%2Fv2%2Fcategories&post=8247"},{"taxonomy":"post_tag","embeddable":true,"href":"https:\/\/www.buchbohne.de\/index.php?rest_route=%2Fwp%2Fv2%2Ftags&post=8247"}],"curies":[{"name":"wp","href":"https:\/\/api.w.org\/{rel}","templated":true}]}}