{"id":8217,"date":"2025-01-08T12:45:00","date_gmt":"2025-01-08T10:45:00","guid":{"rendered":"https:\/\/www.buchbohne.de\/?p=8217"},"modified":"2025-10-15T17:38:35","modified_gmt":"2025-10-15T15:38:35","slug":"scham-matthias-kreienbrink","status":"publish","type":"post","link":"https:\/\/www.buchbohne.de\/?p=8217","title":{"rendered":"Lesung Scham &#8211; Matthias Kreienbrink &amp; Samira El Ouassil"},"content":{"rendered":"\n<div class=\"wp-block-group\"><div class=\"wp-block-group__inner-container is-layout-constrained wp-block-group-is-layout-constrained\">\n<h1 class=\"wp-block-heading h1.wp-block-heading kachel-header\">14\/10\/2025<\/h1>\n\n\n\n<h5 class=\"wp-block-heading h1.wp-block-heading kachel-header\">Lesung und Gespr\u00e4ch<\/h5>\n\n\n\n<h4 class=\"wp-block-heading\">19.30 UHR<br><br><br><br><\/h4>\n\n\n\n<figure class=\"wp-block-image size-full slider-image-full\"><img loading=\"lazy\" decoding=\"async\" width=\"300\" height=\"300\" src=\"https:\/\/www.buchbohne.de\/wp-content\/uploads\/2024\/01\/gefoerdert_weiss_trsp_unten_rechts_300x300.png\" alt=\"\" class=\"wp-image-6873\" style=\"object-fit:cover\" srcset=\"https:\/\/www.buchbohne.de\/wp-content\/uploads\/2024\/01\/gefoerdert_weiss_trsp_unten_rechts_300x300.png 300w, https:\/\/www.buchbohne.de\/wp-content\/uploads\/2024\/01\/gefoerdert_weiss_trsp_unten_rechts_300x300-150x150.png 150w\" sizes=\"auto, (max-width: 300px) 100vw, 300px\" \/><\/figure>\n\n\n\n<h3 class=\"wp-block-heading\">Matthias Kreienbrink &amp; <br>Samira El Ouassil<\/h3>\n\n\n\n<h2 class=\"wp-block-heading\">Scham<\/h2>\n\n\n\n<h6 class=\"wp-block-heading\">Wie ein machtvolles Gef\u00fchl unser Leben neu pr\u00e4gt. Matthias Kreienbrink thematisiert die pers\u00f6nlichen und gesellschaftlichen Dimensionen von Scham. <\/h6>\n\n\n\n<h2 class=\"wp-block-heading eintritt\">Eintritt 10 EUR<\/h2>\n\n\n<a class=\"read-more-link wp-block-read-more\" href=\"https:\/\/www.buchbohne.de\/?p=8217\" target=\"_self\">Weiterlesen<span class=\"screen-reader-text\">: Lesung Scham &#8211; Matthias Kreienbrink &amp; Samira El Ouassil<\/span><\/a>\n\n\n<div class=\"wp-block-columns is-layout-flex wp-container-core-columns-is-layout-9d6595d7 wp-block-columns-is-layout-flex\">\n<div class=\"wp-block-column is-layout-flow wp-block-column-is-layout-flow\">\n<div class=\"wp-block-group\"><div class=\"wp-block-group__inner-container is-layout-constrained wp-block-group-is-layout-constrained\">\n<figure class=\"wp-block-image size-medium slider-image\"><a href=\"https:\/\/shop.buchbohne.de\/shop\/item\/9783466348374\/scham-von-matthias-kreienbrink-gebundenes-buch\"><img decoding=\"async\" src=\"https:\/\/www.buchbohne.de\/wp-content\/uploads\/2025\/04\/83741-1-189x300.jpg\" alt=\"\" class=\"wp-image-8220\"\/><\/a><\/figure>\n<\/div><\/div>\n<\/div>\n\n\n\n<div class=\"wp-block-column is-vertically-aligned-center event-block no-show-on-slide is-layout-flow wp-block-column-is-layout-flow\">\n<p class=\"no-show-on-slide\">Jeder kennt das Gef\u00fchl der Scham &#8211; und keiner mag es. Scham ist kaum kontrollierbar und kann deshalb leicht missbraucht und instrumentalisiert werden. Das gilt heute mehr denn je: Durch die sozialen Medien hat die Scham ein gro\u00dfes Comeback erlebt. Scham ist wieder zur Waffe geworden. Matthias Kreienbrink zeigt, wie Scham entsteht und in welchen Bereichen sie besonders h\u00e4ufig auftritt. Und er l\u00e4sst Menschen zu Wort kommen, die in ihrem Leben von Scham gepr\u00e4gt wurden und zum Teil massive Besch\u00e4mungen erlitten haben. Dadurch wird deutlich, wie wir dieses menschliche Urgef\u00fchl einordnen und besser mit ihm umgehen k\u00f6nnen. &#8222;Jeder sch\u00e4mt sich, aber keiner spricht dar\u00fcber &#8211; aus Scham. Matthias Kreienbrink durchdringt dieses unbehagliche, heftige Gef\u00fchl so einf\u00fchlsam wie analytisch und enth\u00fcllt dabei die politischen, wirtschaftlichen, psychologischen sowie soziologischen Dimensionen unserer Verlegenheit. Nach der bewegenden Lekt\u00fcre sch\u00e4mt man sich selbstbewusster.&#8220; Samira El Ouassil.<\/p>\n\n\n\n<p class=\"no-show-on-slide\"><\/p>\n\n\n\n<p>Aktuelle Buch-Empfehlungen und Veranstaltungstipps finden Sie auch in unserem Newsletter. Melden Sie sich bitte bei&nbsp;<a href=\"mailto:kontakt@buchbohne.de?subject=Anmeldung%20zur%20Lesung%20\" target=\"_blank\" rel=\"noreferrer noopener\">kontakt@buchbohne.de<\/a>&nbsp;daf\u00fcr an.<\/p>\n<\/div>\n<\/div>\n\n\n\n<div class=\"wp-block-columns no-show-on-slide is-layout-flex wp-container-core-columns-is-layout-9d6595d7 wp-block-columns-is-layout-flex\">\n<div class=\"wp-block-column is-layout-flow wp-block-column-is-layout-flow\">\n<figure class=\"wp-block-image size-full is-resized no-show-on-slide\"><a href=\"https:\/\/www.buchbohne.de\/wp-content\/uploads\/2025\/04\/kreienbrink-matthias-37677-jpg1.webp\"><img decoding=\"async\" src=\"https:\/\/www.buchbohne.de\/wp-content\/uploads\/2025\/04\/kreienbrink-matthias-37677-jpg1.webp\" alt=\"\" class=\"wp-image-8221\" style=\"width:232px;height:auto\"\/><\/a><\/figure>\n\n\n\n<p class=\"no-show-on-slide\">(c) Ole Witt<\/p>\n<\/div>\n\n\n\n<div class=\"wp-block-column is-layout-flow wp-block-column-is-layout-flow\">\n<p>Matthias Kreienbrink<\/p>\n\n\n\n<p>Matthias Kreienbrink ist als Gesellschafts- und Digitaljournalist t\u00e4tig und studierte Literatur- und Geschichtswissenschaft an der Freien Universit\u00e4t Berlin. Er lebt in Berlin, schreibt als freier Journalist f\u00fcr DIE ZEIT, Der Spiegel, die S\u00fcddeutsche Zeitung und die Frankfurter Allgemeine Sonntagszeitung und arbeitet als CvD bei t3n.<\/p>\n<\/div>\n<\/div>\n\n\n\n<div class=\"wp-block-columns no-show-on-slide is-layout-flex wp-container-core-columns-is-layout-9d6595d7 wp-block-columns-is-layout-flex\">\n<div class=\"wp-block-column is-layout-flow wp-block-column-is-layout-flow\">\n<figure class=\"wp-block-image size-full is-resized no-show-on-slide\"><a href=\"https:\/\/www.buchbohne.de\/wp-content\/uploads\/2025\/04\/Samira_El_Ouassil_SPIEGEL1.jpg\"><img decoding=\"async\" src=\"https:\/\/www.buchbohne.de\/wp-content\/uploads\/2025\/04\/Samira_El_Ouassil_SPIEGEL1.jpg\" alt=\"\" class=\"wp-image-8222\" style=\"width:232px;height:auto\"\/><\/a><\/figure>\n\n\n\n<p class=\"no-show-on-slide\">(c) Stefan Kl\u00fcter<\/p>\n<\/div>\n\n\n\n<div class=\"wp-block-column is-layout-flow wp-block-column-is-layout-flow\">\n<p>Samira El Ouassil<\/p>\n\n\n\n<p>Samira El Ouassil, geboren 1984 in M\u00fcnchen, ist eine deutsche Autorin (&#8222;Erz\u00e4hlende Affen&#8220;), Schauspielerin, Musikerin und Politikerin (Partei f\u00fcr Arbeit, Rechtsstaat, Tierschutz, Elitenf\u00f6rderung und basisdemokratische Initiative). Seit September 2018 schreibt sie f\u00fcr das Onlineportal &#8222;\u00dcbermedien&#8220; die Kolumne &#8222;Wochenschau&#8220;. Seit 2019 moderiert sie zusammen mit Christiane Stenger den philosophischen Audible-Podcast &#8222;Sag niemals Nietzsche&#8220;. Seit 2020 schreibt sie eine Online-Kolumne beim &#8222;Spiegel&#8220;. Zusammen mit Friedemann Karig moderiert sie seit 2020 den Podcast &#8222;Piratensender Powerplay&#8220;. El Ouassil ist S\u00e4ngerin der Band Kummer und Mitglied im Verein Mensa.<\/p>\n<\/div>\n<\/div>\n\n\n\n<div style=\"height:217px\" aria-hidden=\"true\" class=\"wp-block-spacer no-show-on-slide\"><\/div>\n<\/div><\/div>\n","protected":false},"excerpt":{"rendered":"<p>14\/10\/2025 Lesung und Gespr\u00e4ch 19.30 UHR Matthias Kreienbrink &amp; Samira El Ouassil Scham Wie ein machtvolles Gef\u00fchl unser Leben neu pr\u00e4gt. Matthias Kreienbrink thematisiert die pers\u00f6nlichen und gesellschaftlichen Dimensionen von Scham. Eintritt 10 EUR Jeder kennt das Gef\u00fchl der Scham &#8211; und keiner mag es. Scham ist kaum kontrollierbar und kann deshalb leicht missbraucht und&hellip;&nbsp;<a href=\"https:\/\/www.buchbohne.de\/?p=8217\" class=\"\" rel=\"bookmark\">Weiterlesen &raquo;<span class=\"screen-reader-text\">Lesung Scham &#8211; Matthias Kreienbrink &amp; Samira El Ouassil<\/span><\/a><\/p>\n","protected":false},"author":1,"featured_media":0,"comment_status":"closed","ping_status":"open","sticky":false,"template":"","format":"standard","meta":{"neve_meta_sidebar":"","neve_meta_container":"","neve_meta_enable_content_width":"","neve_meta_content_width":0,"neve_meta_title_alignment":"","neve_meta_author_avatar":"","neve_post_elements_order":"","neve_meta_disable_header":"","neve_meta_disable_footer":"","neve_meta_disable_title":"","footnotes":""},"categories":[121,120,118,110],"tags":[],"class_list":["post-8217","post","type-post","status-publish","format-standard","hentry","category-archiv","category-ausverkauft","category-gefoerdert","category-magenta"],"_links":{"self":[{"href":"https:\/\/www.buchbohne.de\/index.php?rest_route=\/wp\/v2\/posts\/8217","targetHints":{"allow":["GET"]}}],"collection":[{"href":"https:\/\/www.buchbohne.de\/index.php?rest_route=\/wp\/v2\/posts"}],"about":[{"href":"https:\/\/www.buchbohne.de\/index.php?rest_route=\/wp\/v2\/types\/post"}],"author":[{"embeddable":true,"href":"https:\/\/www.buchbohne.de\/index.php?rest_route=\/wp\/v2\/users\/1"}],"replies":[{"embeddable":true,"href":"https:\/\/www.buchbohne.de\/index.php?rest_route=%2Fwp%2Fv2%2Fcomments&post=8217"}],"version-history":[{"count":19,"href":"https:\/\/www.buchbohne.de\/index.php?rest_route=\/wp\/v2\/posts\/8217\/revisions"}],"predecessor-version":[{"id":8538,"href":"https:\/\/www.buchbohne.de\/index.php?rest_route=\/wp\/v2\/posts\/8217\/revisions\/8538"}],"wp:attachment":[{"href":"https:\/\/www.buchbohne.de\/index.php?rest_route=%2Fwp%2Fv2%2Fmedia&parent=8217"}],"wp:term":[{"taxonomy":"category","embeddable":true,"href":"https:\/\/www.buchbohne.de\/index.php?rest_route=%2Fwp%2Fv2%2Fcategories&post=8217"},{"taxonomy":"post_tag","embeddable":true,"href":"https:\/\/www.buchbohne.de\/index.php?rest_route=%2Fwp%2Fv2%2Ftags&post=8217"}],"curies":[{"name":"wp","href":"https:\/\/api.w.org\/{rel}","templated":true}]}}